{"id":4116,"date":"2016-10-06T14:58:18","date_gmt":"2016-10-06T17:58:18","guid":{"rendered":"http:\/\/homacdhe.com\/?p=4116"},"modified":"2025-06-23T13:16:17","modified_gmt":"2025-06-23T16:16:17","slug":"homa-participa-da-primeira-sessao-do-grupo-de-trabalho-intergovernamental-das-nacoes-unidas-sobre-corporacoes-transnacionais-e-outros-empreendimentos-com-relacao-a-direitos-humanos-2","status":"publish","type":"post","link":"https:\/\/homacdhe.com\/index.php\/2016\/10\/06\/homa-participa-da-primeira-sessao-do-grupo-de-trabalho-intergovernamental-das-nacoes-unidas-sobre-corporacoes-transnacionais-e-outros-empreendimentos-com-relacao-a-direitos-humanos-2\/","title":{"rendered":"Homa participa da Segunda Sess\u00e3o do Grupo de Trabalho Intergovernamental das Na\u00e7\u00f5es Unidas sobre Corpora\u00e7\u00f5es Transnacionais e Outros Empreendimentos com Rela\u00e7\u00e3o a Direitos Humanos"},"content":{"rendered":"<p>O clima em Genebra \u00e9 de apreens\u00e3o e de esperan\u00e7a para o que acontecer\u00e1 na segunda sess\u00e3o do Grupo Intergovernamental das Na\u00e7\u00f5es Unidas sobre Empresas Transnacionais e Outros Empreendimentos em rela\u00e7\u00e3o a Direitos Humanos (IGWG) e em toda a mobiliza\u00e7\u00e3o planejada na cidade durante o per\u00edodo de reuni\u00f5es.<\/p>\n<p>Aproximadamente 400 organiza\u00e7\u00f5es n\u00e3o governamentais, movimentos sociais, centros acad\u00eamicos e grupos afetados pela atividade corporativa de todo o mundo se uniram ao redor da pauta da necessidade de um marco normativo vinculante capaz de responsabilizar empresas transnacionais por viola\u00e7\u00f5es de Direitos Humanos, e coletivamente, com o apoio e lideran\u00e7a de Estados, como o Equador e a \u00c1frica do Sul, foram capazes de iniciar um processo de grande import\u00e2ncia para a conjuntura pol\u00edtica e econ\u00f4mica mundial, a cria\u00e7\u00e3o de um Grupo de Trabalho composto por Estados para elaborar \u201cum instrumento internacional juridicamente vinculante sobre corpora\u00e7\u00f5es transnacionais e outros empreendimentos com respeito a Direitos Humanos\u201d<a title=\"\" href=\"http:\/\/homacdhe.com\/index.php\/pt\/2015\/07\/05\/homa-participa-da-primeira-sessao-do-grupo-de-trabalho-intergovernamental-das-nacoes-unidas-sobre-corporacoes-transnacionais-e-outros-empreendimentos-com-relacao-a-direitos-humanos\/#_ftn1\"><sup><sup>[1]<\/sup><\/sup><\/a>, carregando em si a possibilidade de estabelecer uma normativa internacional vinculante capaz de tornar empresas transnacionais respons\u00e1veis pela viola\u00e7\u00f5es de Direitos Humanos por elas cometidas.<\/p>\n<p>O IGWG surgiu a partir da Resolu\u00e7\u00e3o 26\/9 (A\/HRC\/RES\/26\/9)<a title=\"\" href=\"http:\/\/homacdhe.com\/index.php\/pt\/2015\/07\/05\/homa-participa-da-primeira-sessao-do-grupo-de-trabalho-intergovernamental-das-nacoes-unidas-sobre-corporacoes-transnacionais-e-outros-empreendimentos-com-relacao-a-direitos-humanos\/#_ftn2\"><b><i><sup>[2]<\/sup><\/i><\/b><\/a> aprovada em junho de 2014 no Conselho de Direitos Humanos da ONU, que disp\u00f5e sobre o in\u00edcio do processo de debate do tratado internacional e estabelece base procedimental de conte\u00fado geral para suas duas primeiras sess\u00f5es, a primeira j\u00e1 ocorrida em 2015 e a segunda que ocorrer\u00e1 na pen\u00faltima semana de outubro deste ano.<\/p>\n<p>A sess\u00e3o do Grupo ir\u00e3o se dedicar ao debate amplo sobre o conte\u00fado, escopo, natureza e forma do instrumento vinculante a ser elaborado, de modo a fornecer subs\u00eddio suficiente e qualificado para a prepara\u00e7\u00e3o de um <i>draft<\/i> a ser apresentado pela presid\u00eancia do IGWG na sua terceira sess\u00e3o<a title=\"\" href=\"http:\/\/homacdhe.com\/index.php\/pt\/2015\/07\/05\/homa-participa-da-primeira-sessao-do-grupo-de-trabalho-intergovernamental-das-nacoes-unidas-sobre-corporacoes-transnacionais-e-outros-empreendimentos-com-relacao-a-direitos-humanos\/#_ftn3\"><b><i><sup><b><sup>[3]<\/sup><\/b><\/sup><\/i><\/b><\/a>. Isso quer dizer que se discutir\u00e1 quais Direitos Humanos dever\u00e3o ser abrangidos pelo instrumento, bem como sua abrang\u00eancia (quais atores poder\u00e3o ter as normativas vinculante a si aplicadas), seu formato e sua natureza jur\u00eddica (se esse instrumento ser\u00e1 um tratado internacional, ou outro instrumento jur\u00eddico internacional, como conven\u00e7\u00e3o.<\/p>\n<p>A segunda sess\u00e3o do IGWG (\u201cOpen-ended Intergovernmental Working Group on Transnational Corporations and Other Business Enterprises with Respect to Human Rights\u201d) ocorrer\u00e1 entre os dias 24 a 28 de outubro de 2016. O HOMA \u2013 Centro de Direitos Humanos e Empresas, participar\u00e1 apresentando <em>submissions, <\/em>que ser\u00e1 enviada em parceria com v\u00e1rias organiza\u00e7\u00f5es brasileiras sobre a experi\u00eancia brasileira na advocacy do tratado, com os temas:<\/p>\n<ul>\n<li><em>THE OBLIGATIONS OF HOME STATES: THEIR EXTRATERRITORIAL OBLIGATIONS ON HUMAN RIGHTS VIOLATIONS BY TNCS<\/em>.<\/li>\n<li><em>BUSINESS AND HUMAN RIGHTS TREATY: AN IMPORTANT QUESTION &#8211; THE SCOPE OF THE TREATY\u00a0<\/em><\/li>\n<li><em>BUSINESS AND HUMAN RIGHTS TREATY: AN IMPORTANT QUESTION &#8211; TRANSNATIONAL ENTERPRISES AS SUBJECT OF DUTIES\u00a0\u00a0<\/em><\/li>\n<\/ul>\n<p>Al\u00e9m disso, o HOMA<em>\u00a0<\/em>contar\u00e1\u00a0com a organiza\u00e7\u00e3o de um <em>side event, <\/em>que abordar\u00e1 os principais temas estudados pelo centro, bem como a perspectiva de elabora\u00e7\u00e3o de um Tratado Vinculante e a din\u00e2mica dos Planos Nacionais. Ademais,\u00a0estar\u00e3o representantes de Estados, movimentos sociais, organiza\u00e7\u00f5es n\u00e3o governamentais e centros acad\u00eamicos de todo o mundo na sess\u00e3o do <em>Working Group.<\/em><\/p>\n<p>&nbsp;<\/p>\n<hr \/>\n<p><a title=\"\" href=\"#_ftnref1\"><sup>[1]<\/sup><\/a> Tradu\u00e7\u00e3o nossa de trecho da Resolu\u00e7\u00e3o 26\/9 do Conselho de Direitos Humanos da ONU.<\/p>\n<div>\n<p align=\"left\"><a title=\"\" href=\"#_ftnref2\"><sup><sup>[2]<\/sup><\/sup><\/a> Texto da resolu\u00e7\u00e3o: http:\/\/ap.ohchr.org\/documents\/dpage_e.aspx?si=A\/HRC\/26\/L.22\/Rev.1<\/p>\n<\/div>\n<div>\n<p align=\"left\"><a title=\"\" href=\"#_ftnref3\"><sup><sup>[3]<\/sup><\/sup><\/a> &#8220;2. <i>Also decides that the first two sessions of the open-ended intergovernamental working group on a legally binding instrument on transnational corporations and other business enterprises shall be dedicated to conducing constructive deliberations on the content, scope, nature and form of the future international instrument, in this regard; 3. Further decides that the Chairperson-Rapporteur of the open-ended intergovernamental working group should prepare elements for the draft legally binding instrument for substantive negotiations at the commencement of the third session of the working group on the subject, taking into consideration the discussions held at its first two sessions;&#8221;<\/i><\/p>\n<\/div>\n","protected":false},"excerpt":{"rendered":"<p>O clima em Genebra \u00e9 de apreens\u00e3o e de esperan\u00e7a para o que acontecer\u00e1 na segunda sess\u00e3o do Grupo Intergovernamental das Na\u00e7\u00f5es Unidas sobre Empresas Transnacionais e Outros Empreendimentos em rela\u00e7\u00e3o a Direitos Humanos (IGWG) e em toda a mobiliza\u00e7\u00e3o planejada na cidade durante o per\u00edodo de reuni\u00f5es. Aproximadamente 400 organiza\u00e7\u00f5es n\u00e3o governamentais, movimentos sociais, [&hellip;]<\/p>\n","protected":false},"author":5,"featured_media":4117,"comment_status":"closed","ping_status":"open","sticky":false,"template":"","format":"standard","meta":{"footnotes":""},"categories":[55,52],"tags":[],"class_list":["post-4116","post","type-post","status-publish","format-standard","has-post-thumbnail","hentry","category-destaque","category-noticias"],"_links":{"self":[{"href":"https:\/\/homacdhe.com\/index.php\/wp-json\/wp\/v2\/posts\/4116","targetHints":{"allow":["GET"]}}],"collection":[{"href":"https:\/\/homacdhe.com\/index.php\/wp-json\/wp\/v2\/posts"}],"about":[{"href":"https:\/\/homacdhe.com\/index.php\/wp-json\/wp\/v2\/types\/post"}],"author":[{"embeddable":true,"href":"https:\/\/homacdhe.com\/index.php\/wp-json\/wp\/v2\/users\/5"}],"replies":[{"embeddable":true,"href":"https:\/\/homacdhe.com\/index.php\/wp-json\/wp\/v2\/comments?post=4116"}],"version-history":[{"count":7,"href":"https:\/\/homacdhe.com\/index.php\/wp-json\/wp\/v2\/posts\/4116\/revisions"}],"predecessor-version":[{"id":4128,"href":"https:\/\/homacdhe.com\/index.php\/wp-json\/wp\/v2\/posts\/4116\/revisions\/4128"}],"wp:featuredmedia":[{"embeddable":true,"href":"https:\/\/homacdhe.com\/index.php\/wp-json\/wp\/v2\/media\/4117"}],"wp:attachment":[{"href":"https:\/\/homacdhe.com\/index.php\/wp-json\/wp\/v2\/media?parent=4116"}],"wp:term":[{"taxonomy":"category","embeddable":true,"href":"https:\/\/homacdhe.com\/index.php\/wp-json\/wp\/v2\/categories?post=4116"},{"taxonomy":"post_tag","embeddable":true,"href":"https:\/\/homacdhe.com\/index.php\/wp-json\/wp\/v2\/tags?post=4116"}],"curies":[{"name":"wp","href":"https:\/\/api.w.org\/{rel}","templated":true}]}}