{"id":3943,"date":"2016-03-10T19:12:32","date_gmt":"2016-03-10T22:12:32","guid":{"rendered":"http:\/\/homacdhe.com\/?p=3943"},"modified":"2025-06-23T13:16:23","modified_gmt":"2025-06-23T16:16:23","slug":"homa-lanca-relatorio-sobre-o-caso-do-porto-do-acu-em-sao-joao-da-barra-rj","status":"publish","type":"post","link":"https:\/\/homacdhe.com\/index.php\/2016\/03\/10\/homa-lanca-relatorio-sobre-o-caso-do-porto-do-acu-em-sao-joao-da-barra-rj\/","title":{"rendered":"Homa lan\u00e7a relat\u00f3rio sobre o caso do Porto do A\u00e7u, em S\u00e3o Jo\u00e3o da Barra, RJ"},"content":{"rendered":"<div class=\"page\" title=\"Page 4\">\n<div class=\"layoutArea\">\n<div class=\"column\">\n<p>A Ame\u0301rica Latina passa por um processo de expansa\u0303o do setor minero-metalu\u0301rgico, em especial o Brasil, que ocupou em 2013 o segundo lugar entre os maiores exportadores de mine\u0301rio do mundo. A depende\u0302ncia econo\u0302mica da regia\u0303o em relac\u0327a\u0303o a essa atividade e\u0301 alarmante e sujeita a\u0300s vulnerabilidades das altas e baixas ci\u0301clicas nos prec\u0327os das commodities, que geram crises estruturais no setor.<\/p>\n<p>O peri\u0301odo 2003-2013 representou um megaciclo das commodities, em que as importac\u0327o\u0303es globais de mine\u0301rios foram valorizadas por um aumento de 630% (US$ 38 bilho\u0303es para US$ 277 bilho\u0303es). Ao longo desses anos, aprofundou-se a depende\u0302ncia econo\u0302mica do Brasil na exportac\u0327a\u0303o, principalmente, de mine\u0301rio de ferro. Ha\u0301 a realizac\u0327a\u0303o de projetos de larga escala com apoio governamental, em uma tentativa de impulsa\u0303o da economia.<\/p>\n<p>O projeto do minero-porto do Ac\u0327u se insere nessa lo\u0301gica, sendo que sua ideia original data de 1999, como uma ambic\u0327a\u0303o do governo do Estado do Rio de Janeiro, representado pelo enta\u0303o governador Anthony Garotinho. Este foi sucedido por sua esposa Rosinha Garotinho, que deu continuac\u0327a\u0303o ao projeto, o qual sempre foi defendido como de interesse pu\u0301blico. Atrave\u0301s de reunio\u0303es privadas, houve a associac\u0327a\u0303o do projeto com Eliezer Batista, que o repassou para seu filho, Eike Batista. A partir dai\u0301 se desenvolve um complexo sistema de relac\u0327o\u0303es empresariais, que dificultam, ale\u0301m do entendimento do caso, a imputac\u0327a\u0303o de responsabilidade dos envolvidos.<\/p>\n<div  class='avia-button-wrap av-2uxi3r-5d29385845d0c97f85ec6adda2c28ab2-wrap avia-button-left  avia-builder-el-0  avia-builder-el-no-sibling '><a href='http:\/\/homacdhe.com\/wp-content\/uploads\/2016\/03\/VIOLAC\u0327O\u0303ES-DE-DIREITOS-HUMANOS-POR-EMPRESAS-O-CASO-DO-PORTO-DO-AC\u0327U.pdf'  class='avia-button av-2uxi3r-5d29385845d0c97f85ec6adda2c28ab2 av-link-btn avia-icon_select-no avia-size-small avia-position-left avia-color-theme-color'   aria-label=\"Ver Document Completo\"><span class='avia_iconbox_title' >Ver Document Completo<\/span><\/a><\/div>\n<\/div>\n<\/div>\n<\/div>\n","protected":false},"excerpt":{"rendered":"<p>A Ame\u0301rica Latina passa por um processo de expansa\u0303o do setor minero-metalu\u0301rgico, em especial o Brasil, que ocupou em 2013 o segundo lugar entre os maiores exportadores de mine\u0301rio do mundo. A depende\u0302ncia econo\u0302mica da regia\u0303o em relac\u0327a\u0303o a essa atividade e\u0301 alarmante e sujeita a\u0300s vulnerabilidades das altas e baixas ci\u0301clicas nos prec\u0327os das [&hellip;]<\/p>\n","protected":false},"author":1,"featured_media":3947,"comment_status":"closed","ping_status":"open","sticky":false,"template":"","format":"standard","meta":{"footnotes":""},"categories":[55,63,52,148],"tags":[],"class_list":["post-3943","post","type-post","status-publish","format-standard","has-post-thumbnail","hentry","category-destaque","category-docs","category-noticias","category-relatorios"],"_links":{"self":[{"href":"https:\/\/homacdhe.com\/index.php\/wp-json\/wp\/v2\/posts\/3943","targetHints":{"allow":["GET"]}}],"collection":[{"href":"https:\/\/homacdhe.com\/index.php\/wp-json\/wp\/v2\/posts"}],"about":[{"href":"https:\/\/homacdhe.com\/index.php\/wp-json\/wp\/v2\/types\/post"}],"author":[{"embeddable":true,"href":"https:\/\/homacdhe.com\/index.php\/wp-json\/wp\/v2\/users\/1"}],"replies":[{"embeddable":true,"href":"https:\/\/homacdhe.com\/index.php\/wp-json\/wp\/v2\/comments?post=3943"}],"version-history":[{"count":8,"href":"https:\/\/homacdhe.com\/index.php\/wp-json\/wp\/v2\/posts\/3943\/revisions"}],"predecessor-version":[{"id":16736,"href":"https:\/\/homacdhe.com\/index.php\/wp-json\/wp\/v2\/posts\/3943\/revisions\/16736"}],"wp:featuredmedia":[{"embeddable":true,"href":"https:\/\/homacdhe.com\/index.php\/wp-json\/wp\/v2\/media\/3947"}],"wp:attachment":[{"href":"https:\/\/homacdhe.com\/index.php\/wp-json\/wp\/v2\/media?parent=3943"}],"wp:term":[{"taxonomy":"category","embeddable":true,"href":"https:\/\/homacdhe.com\/index.php\/wp-json\/wp\/v2\/categories?post=3943"},{"taxonomy":"post_tag","embeddable":true,"href":"https:\/\/homacdhe.com\/index.php\/wp-json\/wp\/v2\/tags?post=3943"}],"curies":[{"name":"wp","href":"https:\/\/api.w.org\/{rel}","templated":true}]}}